{"id":1525,"date":"2025-08-21T12:20:01","date_gmt":"2025-08-21T12:20:01","guid":{"rendered":"https:\/\/rsd-institute.org\/?p=1525"},"modified":"2025-12-20T18:32:33","modified_gmt":"2025-12-20T18:32:33","slug":"rentree-pedagogique-2025-securite-sante-et-intelligence-artificielle-au-coeur-des-priorites","status":"publish","type":"post","link":"https:\/\/rsd-institute.org\/?p=1525","title":{"rendered":"Rentr\u00e9e P\u00e9dagogique 2025-2026 : S\u00e9curit\u00e9, Sant\u00e9 et Intelligence Artificielle au C\u0153ur des Priorit\u00e9s"},"content":{"rendered":"<p class=\"ds-markdown-paragraph\">Le <strong>Lyc\u00e9e Technique Bilingue de Nsam<\/strong> a accueilli, ce mardi 19 ao\u00fbt, la <strong>c\u00e9r\u00e9monie solennelle de la rentr\u00e9e scolaire 2025-2026<\/strong> au Cameroun. Plac\u00e9e sous le th\u00e8me \u00ab <strong>S\u00e9curit\u00e9, sant\u00e9 et apprentissages \u00e0 l\u2019\u00e8re de l\u2019intelligence artificielle<\/strong> \u00bb, cette rencontre a fix\u00e9 les grandes orientations \u00e9ducatives pour l\u2019ann\u00e9e \u00e0 venir. L&rsquo;\u00e9v\u00e9nement \u00e9tait pr\u00e9sid\u00e9 par <strong>le Professeur Pauline Nalova LYONGA, Ministre des Enseignements Secondaires (MINESEC)<\/strong>, entour\u00e9e des principaux acteurs et partenaires du secteur \u00e9ducatif national.<\/p>\n<p><span style=\"color: #f29200;\"><strong>Renouvellement d\u2019un Partenariat Strat\u00e9gique pour la Sant\u00e9 Scolaire<\/strong><\/span><\/p>\n<p class=\"ds-markdown-paragraph\">Un temps fort de cette rentr\u00e9e a \u00e9t\u00e9 le <strong>renouvellement pour trois ans de la convention entre le MINESEC et le RSD Institute<\/strong>. Ce partenariat, initi\u00e9 en 2018, vise \u00e0 d\u00e9ployer des <strong>programmes de pr\u00e9vention primaire<\/strong> contre le diab\u00e8te et les <strong>maladies li\u00e9es \u00e0 la malnutrition<\/strong> dans les <strong>\u00e9tablissements secondaires<\/strong> du Cameroun.<\/p>\n<p><span style=\"color: #f29200;\"><strong>Un Bilan Concret : Impact et Mobilisation \u00e0 Grande \u00c9chelle<\/strong><\/span><\/p>\n<p class=\"ds-markdown-paragraph\">Les actions men\u00e9es depuis le d\u00e9but du partenariat affichent des r\u00e9sultats significatifs :<\/p>\n<ul>\n<li>\n<p class=\"ds-markdown-paragraph\"><strong>Plus de 242 000 \u00e9l\u00e8ves<\/strong> sensibilis\u00e9s \u00e0 la sant\u00e9 nutritionnelle.<\/p>\n<\/li>\n<li>\n<p class=\"ds-markdown-paragraph\">Implication de <strong>537 \u00e9tablissements scolaires<\/strong>.<\/p>\n<\/li>\n<li>\n<p class=\"ds-markdown-paragraph\"><strong>379 enseignants et encadreurs<\/strong> form\u00e9s.<\/p>\n<\/li>\n<li>\n<p class=\"ds-markdown-paragraph\"><strong>523 vendeurs de cantines<\/strong> accompagn\u00e9s pour am\u00e9liorer l\u2019offre alimentaire.<\/p>\n<\/li>\n<li>\n<p class=\"ds-markdown-paragraph\"><strong>192 m\u00e9decins et \u00e9tudiants en m\u00e9decine<\/strong> mobilis\u00e9s pour les <strong>visites m\u00e9dicales scolaires<\/strong>.<\/p>\n<\/li>\n<li>\n<p class=\"ds-markdown-paragraph\"><strong>10 inspecteurs m\u00e9dico-scolaires et infirmiers<\/strong> impliqu\u00e9s.<\/p>\n<\/li>\n<li>\n<p class=\"ds-markdown-paragraph\"><strong>R\u00e9vision de la police sanitaire scolaire<\/strong> et <strong>int\u00e9gration de l&rsquo;\u00e9ducation nutritionnelle<\/strong> dans les programmes officiels.<\/p>\n<\/li>\n<\/ul>\n<p><span style=\"color: #f29200;\"><strong>L\u2019\u00c9ducation Nutritionnelle, Pilier d\u2019une Jeunesse en Bonne Sant\u00e9<\/strong><\/span><\/p>\n<p class=\"ds-markdown-paragraph\">Lors de la c\u00e9r\u00e9monie, <strong>le Professeur Eug\u00e8ne SOBNGWI<\/strong>, investigateur principal du <strong>projet SUN APP<\/strong> (<em>Scaling Up Healthy Nutrition to Adolescents and Pregnant Women<\/em>), a prononc\u00e9 une conf\u00e9rence magistrale sur \u00ab <strong>L\u2019\u00e9ducation \u00e0 la sant\u00e9 et au bien-\u00eatre<\/strong> \u00bb. Il a soulign\u00e9 l\u2019urgence d\u2019une <strong>coop\u00e9ration multisectorielle<\/strong> pour combattre le <strong>\u00ab triple fardeau \u00bb<\/strong> des maladies infectieuses, des <strong>maladies non transmissibles<\/strong> et de la malnutrition. Cette approche est essentielle pour cr\u00e9er un environnement favorable \u00e0 la jeunesse et contribuer aux objectifs de la <strong>Strat\u00e9gie Nationale de D\u00e9veloppement 2030 (SND30)<\/strong>.<\/p>\n<p><span style=\"color: #f29200;\"><strong>Perspectives : P\u00e9renniser et Amplifier les Actions<\/strong><\/span><\/p>\n<p class=\"ds-markdown-paragraph\">Les perspectives annonc\u00e9es visent \u00e0 ancrer durablement l\u2019<strong>\u00e9ducation nutritionnelle en milieu scolaire<\/strong> :<\/p>\n<ul>\n<li>\n<p class=\"ds-markdown-paragraph\">D\u00e9ploiement d\u2019un <strong>programme national de formation en cascade<\/strong> pour les acteurs \u00e9ducatifs.<\/p>\n<\/li>\n<li>\n<p class=\"ds-markdown-paragraph\">Renforcement et p\u00e9rennisation des <strong>initiatives d&rsquo;\u00e9ducation nutritionnelle<\/strong> \u00e0 travers le pays.<\/p>\n<\/li>\n<\/ul>\n<p class=\"ds-markdown-paragraph\">Cette rentr\u00e9e 2025-2026 r\u00e9affirme ainsi l&rsquo;engagement du <strong>MINESEC<\/strong> et de ses partenaires, comme le <strong>RSD Institute<\/strong>, \u00e0 faire de la <strong>sant\u00e9 des \u00e9l\u00e8ves<\/strong> et de l&rsquo;innovation des piliers centraux de l&rsquo;\u00e9cole camerounaise de demain.<\/p>\n<p>&nbsp;<\/p>\n<blockquote><p>Lire aussi (ECHO SANTE):<br \/>\n<a href=\"https:\/\/echosante.info\/education-nutritionnelle-en-milieu-scolaire-le-minesec-et-long-rsd-institute-unissent-leurs-forces-contre-la-malnutrition\/\">https:\/\/echosante.info\/education-nutritionnelle-en-milieu-scolaire-le-minesec-et-long-rsd-institute-unissent-leurs-forces-contre-la-malnutrition\/<\/a><\/p><\/blockquote>\n<p>&nbsp;<\/p>\n","protected":false},"excerpt":{"rendered":"<p>Le Lyc\u00e9e Technique Bilingue de Nsam a accueilli, ce mardi 19 ao\u00fbt, la c\u00e9r\u00e9monie solennelle de la rentr\u00e9e scolaire 2025-2026 au Cameroun. Plac\u00e9e sous le th\u00e8me \u00ab S\u00e9curit\u00e9, sant\u00e9 et apprentissages \u00e0 l\u2019\u00e8re de l\u2019intelligence artificielle \u00bb, cette rencontre a fix\u00e9 les grandes orientations \u00e9ducatives pour l\u2019ann\u00e9e \u00e0 venir. L&rsquo;\u00e9v\u00e9nement \u00e9tait pr\u00e9sid\u00e9 par le Professeur &hellip; <a href=\"https:\/\/rsd-institute.org\/?p=1525\" class=\"more-link\" title=\"Continue reading <span class=\"screen-reader-text\">Rentr\u00e9e P\u00e9dagogique 2025-2026 : S\u00e9curit\u00e9, Sant\u00e9 et Intelligence Artificielle au C\u0153ur des Priorit\u00e9s<\/span>\u00ab\u00a0>Continue reading <span class=\"screen-reader-text\">Rentr\u00e9e P\u00e9dagogique 2025-2026 : S\u00e9curit\u00e9, Sant\u00e9 et Intelligence Artificielle au C\u0153ur des Priorit\u00e9s<\/span><\/a><\/p>\n","protected":false},"author":1,"featured_media":1607,"comment_status":"closed","ping_status":"closed","sticky":false,"template":"","format":"image","meta":{"footnotes":""},"categories":[38,55],"tags":[],"class_list":["post-1525","post","type-post","status-publish","format-image","has-post-thumbnail","hentry","category-news","category-sun-app","post_format-post-format-image"],"_links":{"self":[{"href":"https:\/\/rsd-institute.org\/index.php?rest_route=\/wp\/v2\/posts\/1525","targetHints":{"allow":["GET"]}}],"collection":[{"href":"https:\/\/rsd-institute.org\/index.php?rest_route=\/wp\/v2\/posts"}],"about":[{"href":"https:\/\/rsd-institute.org\/index.php?rest_route=\/wp\/v2\/types\/post"}],"author":[{"embeddable":true,"href":"https:\/\/rsd-institute.org\/index.php?rest_route=\/wp\/v2\/users\/1"}],"replies":[{"embeddable":true,"href":"https:\/\/rsd-institute.org\/index.php?rest_route=%2Fwp%2Fv2%2Fcomments&post=1525"}],"version-history":[{"count":6,"href":"https:\/\/rsd-institute.org\/index.php?rest_route=\/wp\/v2\/posts\/1525\/revisions"}],"predecessor-version":[{"id":1609,"href":"https:\/\/rsd-institute.org\/index.php?rest_route=\/wp\/v2\/posts\/1525\/revisions\/1609"}],"wp:featuredmedia":[{"embeddable":true,"href":"https:\/\/rsd-institute.org\/index.php?rest_route=\/wp\/v2\/media\/1607"}],"wp:attachment":[{"href":"https:\/\/rsd-institute.org\/index.php?rest_route=%2Fwp%2Fv2%2Fmedia&parent=1525"}],"wp:term":[{"taxonomy":"category","embeddable":true,"href":"https:\/\/rsd-institute.org\/index.php?rest_route=%2Fwp%2Fv2%2Fcategories&post=1525"},{"taxonomy":"post_tag","embeddable":true,"href":"https:\/\/rsd-institute.org\/index.php?rest_route=%2Fwp%2Fv2%2Ftags&post=1525"}],"curies":[{"name":"wp","href":"https:\/\/api.w.org\/{rel}","templated":true}]}}